{"id":99073,"date":"2023-03-07T16:03:22","date_gmt":"2023-03-07T15:03:22","guid":{"rendered":"https:\/\/www.gpi.it\/backup\/?p=99073"},"modified":"2023-03-14T16:40:07","modified_gmt":"2023-03-14T15:40:07","slug":"gpi-a-lassemblee-internationale-de-consensus-de-bologne-sur-la-telemedecine","status":"publish","type":"post","link":"https:\/\/www.gpigroup.com\/fr-na\/news\/gpi-a-lassemblee-internationale-de-consensus-de-bologne-sur-la-telemedecine\/","title":{"rendered":"GPI \u00e0 l&#8217;Assembl\u00e9e internationale de consensus de Bologne sur la t\u00e9l\u00e9m\u00e9decine"},"content":{"rendered":"<p>Les 10 et 11 mars, GPI Group participe \u00e0 l&#8217;International Bologna Consensus Assembly on Telemedicine. L&#8217;organisme organisateur est SIT, Soci\u00e9t\u00e9 italienne de t\u00e9l\u00e9m\u00e9decine. Le congr\u00e8s s&#8217;intitule \u00ab Ratio Ethica et Ratio Technica : Concerting Governance, Research and Innovation for One Health \u00bb.<\/p>\n<p>Comme l&#8217;a d\u00e9clar\u00e9 Antonio Vittorio Gaddi, pr\u00e9sident du SIT, &#8220;L&#8217;intention est de d\u00e9finir de nouvelles strat\u00e9gies scientifiques et de nouvelles formules d&#8217;organisation qui permettront d&#8217;appliquer les technologies de l&#8217;information et de la communication les plus modernes dans le domaine des soins de sant\u00e9 et de la protection de la sant\u00e9, de mani\u00e8re efficace et sans effets n\u00e9gatifs, et de le faire le plus t\u00f4t possible, compte tenu de la nature critique de l&#8217;heure actuelle.&#8221;<\/p>\n<p>GPI est pr\u00e9sent avec un stand, tenu par la division R&amp;D, tandis que le 10 mars, un discours d&#8217;Antonio Colangelo, directeur R&amp;D, est pr\u00e9vu. Le titre est \u00ab Taxonomies, donn\u00e9es, processus, soins virtuels vers l&#8217;adoption de domaines ontologiques r\u00e9pandus. Le langage commun acc\u00e9l\u00e8re la valorisation des donn\u00e9es \u00bb.<\/p>\n","protected":false},"excerpt":{"rendered":"<p>Les 10 et 11 mars<\/p>\n","protected":false},"author":7,"featured_media":98871,"comment_status":"closed","ping_status":"closed","sticky":false,"template":"","format":"standard","meta":{"footnotes":""},"categories":[375],"tags":[],"class_list":["post-99073","post","type-post","status-publish","format-standard","has-post-thumbnail","hentry","category-nouvelles"],"yoast_head":"<!-- This site is optimized with the Yoast SEO plugin v27.1.1 - https:\/\/yoast.com\/product\/yoast-seo-wordpress\/ -->\n<title>GPI \u00e0 l&#039;Assembl\u00e9e internationale de consensus de Bologne sur la t\u00e9l\u00e9m\u00e9decine | GPI<\/title>\n<meta name=\"description\" content=\"Les 10 et 11 mars\" \/>\n<meta name=\"robots\" content=\"index, follow, max-snippet:-1, max-image-preview:large, max-video-preview:-1\" \/>\n<link rel=\"canonical\" href=\"https:\/\/www.gpigroup.com\/fr-na\/news\/gpi-a-lassemblee-internationale-de-consensus-de-bologne-sur-la-telemedecine\/\" \/>\n<meta property=\"og:locale\" content=\"fr_FR\" \/>\n<meta property=\"og:type\" content=\"article\" \/>\n<meta property=\"og:title\" content=\"GPI \u00e0 l&#039;Assembl\u00e9e internationale de consensus de Bologne sur la t\u00e9l\u00e9m\u00e9decine | GPI\" \/>\n<meta property=\"og:description\" content=\"Les 10 et 11 mars\" \/>\n<meta property=\"og:url\" content=\"https:\/\/www.gpigroup.com\/fr-na\/news\/gpi-a-lassemblee-internationale-de-consensus-de-bologne-sur-la-telemedecine\/\" \/>\n<meta property=\"og:site_name\" content=\"GPI\" \/>\n<meta property=\"article:publisher\" content=\"https:\/\/www.facebook.com\/GruppoGPI\/\" \/>\n<meta property=\"article:published_time\" content=\"2023-03-07T15:03:22+00:00\" \/>\n<meta property=\"article:modified_time\" content=\"2023-03-14T15:40:07+00:00\" \/>\n<meta property=\"og:image\" content=\"https:\/\/www.gpigroup.com\/app\/uploads\/2023\/03\/sit-imm.png\" \/>\n\t<meta property=\"og:image:width\" content=\"703\" \/>\n\t<meta property=\"og:image:height\" content=\"760\" \/>\n\t<meta property=\"og:image:type\" content=\"image\/png\" \/>\n<meta name=\"author\" content=\"Manlio Milazzi\" \/>\n<meta name=\"twitter:card\" content=\"summary_large_image\" \/>\n<meta name=\"twitter:label1\" content=\"Written by\" \/>\n\t<meta name=\"twitter:data1\" content=\"Manlio Milazzi\" \/>\n<script type=\"application\/ld+json\" class=\"yoast-schema-graph\">{\"@context\":\"https:\/\/schema.org\",\"@graph\":[{\"@type\":\"Article\",\"@id\":\"https:\/\/www.gpigroup.com\/fr-na\/news\/gpi-a-lassemblee-internationale-de-consensus-de-bologne-sur-la-telemedecine\/#article\",\"isPartOf\":{\"@id\":\"https:\/\/www.gpigroup.com\/fr-na\/news\/gpi-a-lassemblee-internationale-de-consensus-de-bologne-sur-la-telemedecine\/\"},\"author\":{\"name\":\"Manlio Milazzi\",\"@id\":\"https:\/\/www.gpigroup.com\/fr-na\/#\/schema\/person\/5d13949c66ade9c548a72f6f1e50299f\"},\"headline\":\"GPI \u00e0 l&#8217;Assembl\u00e9e internationale de consensus de Bologne sur la t\u00e9l\u00e9m\u00e9decine\",\"datePublished\":\"2023-03-07T15:03:22+00:00\",\"dateModified\":\"2023-03-14T15:40:07+00:00\",\"mainEntityOfPage\":{\"@id\":\"https:\/\/www.gpigroup.com\/fr-na\/news\/gpi-a-lassemblee-internationale-de-consensus-de-bologne-sur-la-telemedecine\/\"},\"wordCount\":204,\"publisher\":{\"@id\":\"https:\/\/www.gpigroup.com\/fr-na\/#organization\"},\"image\":{\"@id\":\"https:\/\/www.gpigroup.com\/fr-na\/news\/gpi-a-lassemblee-internationale-de-consensus-de-bologne-sur-la-telemedecine\/#primaryimage\"},\"thumbnailUrl\":\"https:\/\/www.gpigroup.com\/app\/uploads\/2023\/03\/sit-imm.png\",\"articleSection\":[\"Nouvelles\"],\"inLanguage\":\"fr-NA\"},{\"@type\":\"WebPage\",\"@id\":\"https:\/\/www.gpigroup.com\/fr-na\/news\/gpi-a-lassemblee-internationale-de-consensus-de-bologne-sur-la-telemedecine\/\",\"url\":\"https:\/\/www.gpigroup.com\/fr-na\/news\/gpi-a-lassemblee-internationale-de-consensus-de-bologne-sur-la-telemedecine\/\",\"name\":\"GPI \u00e0 l'Assembl\u00e9e internationale de consensus de Bologne sur la t\u00e9l\u00e9m\u00e9decine | GPI\",\"isPartOf\":{\"@id\":\"https:\/\/www.gpigroup.com\/fr-na\/#website\"},\"primaryImageOfPage\":{\"@id\":\"https:\/\/www.gpigroup.com\/fr-na\/news\/gpi-a-lassemblee-internationale-de-consensus-de-bologne-sur-la-telemedecine\/#primaryimage\"},\"image\":{\"@id\":\"https:\/\/www.gpigroup.com\/fr-na\/news\/gpi-a-lassemblee-internationale-de-consensus-de-bologne-sur-la-telemedecine\/#primaryimage\"},\"thumbnailUrl\":\"https:\/\/www.gpigroup.com\/app\/uploads\/2023\/03\/sit-imm.png\",\"datePublished\":\"2023-03-07T15:03:22+00:00\",\"dateModified\":\"2023-03-14T15:40:07+00:00\",\"description\":\"Les 10 et 11 mars\",\"breadcrumb\":{\"@id\":\"https:\/\/www.gpigroup.com\/fr-na\/news\/gpi-a-lassemblee-internationale-de-consensus-de-bologne-sur-la-telemedecine\/#breadcrumb\"},\"inLanguage\":\"fr-NA\",\"potentialAction\":[{\"@type\":\"ReadAction\",\"target\":[\"https:\/\/www.gpigroup.com\/fr-na\/news\/gpi-a-lassemblee-internationale-de-consensus-de-bologne-sur-la-telemedecine\/\"]}]},{\"@type\":\"ImageObject\",\"inLanguage\":\"fr-NA\",\"@id\":\"https:\/\/www.gpigroup.com\/fr-na\/news\/gpi-a-lassemblee-internationale-de-consensus-de-bologne-sur-la-telemedecine\/#primaryimage\",\"url\":\"https:\/\/www.gpigroup.com\/app\/uploads\/2023\/03\/sit-imm.png\",\"contentUrl\":\"https:\/\/www.gpigroup.com\/app\/uploads\/2023\/03\/sit-imm.png\",\"width\":703,\"height\":760},{\"@type\":\"BreadcrumbList\",\"@id\":\"https:\/\/www.gpigroup.com\/fr-na\/news\/gpi-a-lassemblee-internationale-de-consensus-de-bologne-sur-la-telemedecine\/#breadcrumb\",\"itemListElement\":[{\"@type\":\"ListItem\",\"position\":1,\"name\":\"Home\",\"item\":\"https:\/\/www.gpigroup.com\/fr-na\/\"},{\"@type\":\"ListItem\",\"position\":2,\"name\":\"GPI \u00e0 l&#8217;Assembl\u00e9e internationale de consensus de Bologne sur la t\u00e9l\u00e9m\u00e9decine\"}]},{\"@type\":\"WebSite\",\"@id\":\"https:\/\/www.gpigroup.com\/fr-na\/#website\",\"url\":\"https:\/\/www.gpigroup.com\/fr-na\/\",\"name\":\"GPI\",\"description\":\"The Healthcare Partner\",\"publisher\":{\"@id\":\"https:\/\/www.gpigroup.com\/fr-na\/#organization\"},\"potentialAction\":[{\"@type\":\"SearchAction\",\"target\":{\"@type\":\"EntryPoint\",\"urlTemplate\":\"https:\/\/www.gpigroup.com\/fr-na\/?s={search_term_string}\"},\"query-input\":{\"@type\":\"PropertyValueSpecification\",\"valueRequired\":true,\"valueName\":\"search_term_string\"}}],\"inLanguage\":\"fr-NA\"},{\"@type\":\"Organization\",\"@id\":\"https:\/\/www.gpigroup.com\/fr-na\/#organization\",\"name\":\"GPI S.p.A.\",\"url\":\"https:\/\/www.gpigroup.com\/fr-na\/\",\"logo\":{\"@type\":\"ImageObject\",\"inLanguage\":\"fr-NA\",\"@id\":\"https:\/\/www.gpigroup.com\/fr-na\/#\/schema\/logo\/image\/\",\"url\":\"https:\/\/www.gpigroup.com\/app\/uploads\/2023\/03\/logo-GPI-2019-1.jpg\",\"contentUrl\":\"https:\/\/www.gpigroup.com\/app\/uploads\/2023\/03\/logo-GPI-2019-1.jpg\",\"width\":1946,\"height\":1945,\"caption\":\"GPI S.p.A.\"},\"image\":{\"@id\":\"https:\/\/www.gpigroup.com\/fr-na\/#\/schema\/logo\/image\/\"},\"sameAs\":[\"https:\/\/www.facebook.com\/GruppoGPI\/\",\"https:\/\/www.linkedin.com\/company\/gpi-spa\",\"http:\/\/www.youtube.com\/user\/GruppoGPI\"]},{\"@type\":\"Person\",\"@id\":\"https:\/\/www.gpigroup.com\/fr-na\/#\/schema\/person\/5d13949c66ade9c548a72f6f1e50299f\",\"name\":\"Manlio Milazzi\",\"image\":{\"@type\":\"ImageObject\",\"inLanguage\":\"fr-NA\",\"@id\":\"https:\/\/www.gpigroup.com\/fr-na\/#\/schema\/person\/image\/\",\"url\":\"https:\/\/secure.gravatar.com\/avatar\/f0fe3eaa7d2ec35f67b70dbab0f1281c1ce1f37f8c8aa334c78dedb413d7d7c7?s=96&d=mm&r=g\",\"contentUrl\":\"https:\/\/secure.gravatar.com\/avatar\/f0fe3eaa7d2ec35f67b70dbab0f1281c1ce1f37f8c8aa334c78dedb413d7d7c7?s=96&d=mm&r=g\",\"caption\":\"Manlio Milazzi\"}}]}<\/script>\n<!-- \/ Yoast SEO plugin. -->","yoast_head_json":{"title":"GPI \u00e0 l'Assembl\u00e9e internationale de consensus de Bologne sur la t\u00e9l\u00e9m\u00e9decine | GPI","description":"Les 10 et 11 mars","robots":{"index":"index","follow":"follow","max-snippet":"max-snippet:-1","max-image-preview":"max-image-preview:large","max-video-preview":"max-video-preview:-1"},"canonical":"https:\/\/www.gpigroup.com\/fr-na\/news\/gpi-a-lassemblee-internationale-de-consensus-de-bologne-sur-la-telemedecine\/","og_locale":"fr_FR","og_type":"article","og_title":"GPI \u00e0 l'Assembl\u00e9e internationale de consensus de Bologne sur la t\u00e9l\u00e9m\u00e9decine | GPI","og_description":"Les 10 et 11 mars","og_url":"https:\/\/www.gpigroup.com\/fr-na\/news\/gpi-a-lassemblee-internationale-de-consensus-de-bologne-sur-la-telemedecine\/","og_site_name":"GPI","article_publisher":"https:\/\/www.facebook.com\/GruppoGPI\/","article_published_time":"2023-03-07T15:03:22+00:00","article_modified_time":"2023-03-14T15:40:07+00:00","og_image":[{"width":703,"height":760,"url":"https:\/\/www.gpigroup.com\/app\/uploads\/2023\/03\/sit-imm.png","type":"image\/png"}],"author":"Manlio Milazzi","twitter_card":"summary_large_image","twitter_misc":{"Written by":"Manlio Milazzi"},"schema":{"@context":"https:\/\/schema.org","@graph":[{"@type":"Article","@id":"https:\/\/www.gpigroup.com\/fr-na\/news\/gpi-a-lassemblee-internationale-de-consensus-de-bologne-sur-la-telemedecine\/#article","isPartOf":{"@id":"https:\/\/www.gpigroup.com\/fr-na\/news\/gpi-a-lassemblee-internationale-de-consensus-de-bologne-sur-la-telemedecine\/"},"author":{"name":"Manlio Milazzi","@id":"https:\/\/www.gpigroup.com\/fr-na\/#\/schema\/person\/5d13949c66ade9c548a72f6f1e50299f"},"headline":"GPI \u00e0 l&#8217;Assembl\u00e9e internationale de consensus de Bologne sur la t\u00e9l\u00e9m\u00e9decine","datePublished":"2023-03-07T15:03:22+00:00","dateModified":"2023-03-14T15:40:07+00:00","mainEntityOfPage":{"@id":"https:\/\/www.gpigroup.com\/fr-na\/news\/gpi-a-lassemblee-internationale-de-consensus-de-bologne-sur-la-telemedecine\/"},"wordCount":204,"publisher":{"@id":"https:\/\/www.gpigroup.com\/fr-na\/#organization"},"image":{"@id":"https:\/\/www.gpigroup.com\/fr-na\/news\/gpi-a-lassemblee-internationale-de-consensus-de-bologne-sur-la-telemedecine\/#primaryimage"},"thumbnailUrl":"https:\/\/www.gpigroup.com\/app\/uploads\/2023\/03\/sit-imm.png","articleSection":["Nouvelles"],"inLanguage":"fr-NA"},{"@type":"WebPage","@id":"https:\/\/www.gpigroup.com\/fr-na\/news\/gpi-a-lassemblee-internationale-de-consensus-de-bologne-sur-la-telemedecine\/","url":"https:\/\/www.gpigroup.com\/fr-na\/news\/gpi-a-lassemblee-internationale-de-consensus-de-bologne-sur-la-telemedecine\/","name":"GPI \u00e0 l'Assembl\u00e9e internationale de consensus de Bologne sur la t\u00e9l\u00e9m\u00e9decine | GPI","isPartOf":{"@id":"https:\/\/www.gpigroup.com\/fr-na\/#website"},"primaryImageOfPage":{"@id":"https:\/\/www.gpigroup.com\/fr-na\/news\/gpi-a-lassemblee-internationale-de-consensus-de-bologne-sur-la-telemedecine\/#primaryimage"},"image":{"@id":"https:\/\/www.gpigroup.com\/fr-na\/news\/gpi-a-lassemblee-internationale-de-consensus-de-bologne-sur-la-telemedecine\/#primaryimage"},"thumbnailUrl":"https:\/\/www.gpigroup.com\/app\/uploads\/2023\/03\/sit-imm.png","datePublished":"2023-03-07T15:03:22+00:00","dateModified":"2023-03-14T15:40:07+00:00","description":"Les 10 et 11 mars","breadcrumb":{"@id":"https:\/\/www.gpigroup.com\/fr-na\/news\/gpi-a-lassemblee-internationale-de-consensus-de-bologne-sur-la-telemedecine\/#breadcrumb"},"inLanguage":"fr-NA","potentialAction":[{"@type":"ReadAction","target":["https:\/\/www.gpigroup.com\/fr-na\/news\/gpi-a-lassemblee-internationale-de-consensus-de-bologne-sur-la-telemedecine\/"]}]},{"@type":"ImageObject","inLanguage":"fr-NA","@id":"https:\/\/www.gpigroup.com\/fr-na\/news\/gpi-a-lassemblee-internationale-de-consensus-de-bologne-sur-la-telemedecine\/#primaryimage","url":"https:\/\/www.gpigroup.com\/app\/uploads\/2023\/03\/sit-imm.png","contentUrl":"https:\/\/www.gpigroup.com\/app\/uploads\/2023\/03\/sit-imm.png","width":703,"height":760},{"@type":"BreadcrumbList","@id":"https:\/\/www.gpigroup.com\/fr-na\/news\/gpi-a-lassemblee-internationale-de-consensus-de-bologne-sur-la-telemedecine\/#breadcrumb","itemListElement":[{"@type":"ListItem","position":1,"name":"Home","item":"https:\/\/www.gpigroup.com\/fr-na\/"},{"@type":"ListItem","position":2,"name":"GPI \u00e0 l&#8217;Assembl\u00e9e internationale de consensus de Bologne sur la t\u00e9l\u00e9m\u00e9decine"}]},{"@type":"WebSite","@id":"https:\/\/www.gpigroup.com\/fr-na\/#website","url":"https:\/\/www.gpigroup.com\/fr-na\/","name":"GPI","description":"The Healthcare Partner","publisher":{"@id":"https:\/\/www.gpigroup.com\/fr-na\/#organization"},"potentialAction":[{"@type":"SearchAction","target":{"@type":"EntryPoint","urlTemplate":"https:\/\/www.gpigroup.com\/fr-na\/?s={search_term_string}"},"query-input":{"@type":"PropertyValueSpecification","valueRequired":true,"valueName":"search_term_string"}}],"inLanguage":"fr-NA"},{"@type":"Organization","@id":"https:\/\/www.gpigroup.com\/fr-na\/#organization","name":"GPI S.p.A.","url":"https:\/\/www.gpigroup.com\/fr-na\/","logo":{"@type":"ImageObject","inLanguage":"fr-NA","@id":"https:\/\/www.gpigroup.com\/fr-na\/#\/schema\/logo\/image\/","url":"https:\/\/www.gpigroup.com\/app\/uploads\/2023\/03\/logo-GPI-2019-1.jpg","contentUrl":"https:\/\/www.gpigroup.com\/app\/uploads\/2023\/03\/logo-GPI-2019-1.jpg","width":1946,"height":1945,"caption":"GPI S.p.A."},"image":{"@id":"https:\/\/www.gpigroup.com\/fr-na\/#\/schema\/logo\/image\/"},"sameAs":["https:\/\/www.facebook.com\/GruppoGPI\/","https:\/\/www.linkedin.com\/company\/gpi-spa","http:\/\/www.youtube.com\/user\/GruppoGPI"]},{"@type":"Person","@id":"https:\/\/www.gpigroup.com\/fr-na\/#\/schema\/person\/5d13949c66ade9c548a72f6f1e50299f","name":"Manlio Milazzi","image":{"@type":"ImageObject","inLanguage":"fr-NA","@id":"https:\/\/www.gpigroup.com\/fr-na\/#\/schema\/person\/image\/","url":"https:\/\/secure.gravatar.com\/avatar\/f0fe3eaa7d2ec35f67b70dbab0f1281c1ce1f37f8c8aa334c78dedb413d7d7c7?s=96&d=mm&r=g","contentUrl":"https:\/\/secure.gravatar.com\/avatar\/f0fe3eaa7d2ec35f67b70dbab0f1281c1ce1f37f8c8aa334c78dedb413d7d7c7?s=96&d=mm&r=g","caption":"Manlio Milazzi"}}]}},"_links":{"self":[{"href":"https:\/\/www.gpigroup.com\/fr-na\/wp-json\/wp\/v2\/posts\/99073","targetHints":{"allow":["GET"]}}],"collection":[{"href":"https:\/\/www.gpigroup.com\/fr-na\/wp-json\/wp\/v2\/posts"}],"about":[{"href":"https:\/\/www.gpigroup.com\/fr-na\/wp-json\/wp\/v2\/types\/post"}],"author":[{"embeddable":true,"href":"https:\/\/www.gpigroup.com\/fr-na\/wp-json\/wp\/v2\/users\/7"}],"replies":[{"embeddable":true,"href":"https:\/\/www.gpigroup.com\/fr-na\/wp-json\/wp\/v2\/comments?post=99073"}],"version-history":[{"count":1,"href":"https:\/\/www.gpigroup.com\/fr-na\/wp-json\/wp\/v2\/posts\/99073\/revisions"}],"predecessor-version":[{"id":99074,"href":"https:\/\/www.gpigroup.com\/fr-na\/wp-json\/wp\/v2\/posts\/99073\/revisions\/99074"}],"wp:featuredmedia":[{"embeddable":true,"href":"https:\/\/www.gpigroup.com\/fr-na\/wp-json\/wp\/v2\/media\/98871"}],"wp:attachment":[{"href":"https:\/\/www.gpigroup.com\/fr-na\/wp-json\/wp\/v2\/media?parent=99073"}],"wp:term":[{"taxonomy":"category","embeddable":true,"href":"https:\/\/www.gpigroup.com\/fr-na\/wp-json\/wp\/v2\/categories?post=99073"},{"taxonomy":"post_tag","embeddable":true,"href":"https:\/\/www.gpigroup.com\/fr-na\/wp-json\/wp\/v2\/tags?post=99073"}],"curies":[{"name":"wp","href":"https:\/\/api.w.org\/{rel}","templated":true}]}}